{"id":3903,"date":"2016-10-24T15:10:09","date_gmt":"2016-10-24T13:10:09","guid":{"rendered":"http:\/\/adhara.hr\/?p=3903"},"modified":"2016-10-24T15:10:09","modified_gmt":"2016-10-24T13:10:09","slug":"besplatni-uvodni-seminar-mountain-fit-visokogorski-tecaj-mf-vgt","status":"publish","type":"post","link":"https:\/\/adhara.gajagati.hr\/web\/2016\/10\/24\/besplatni-uvodni-seminar-mountain-fit-visokogorski-tecaj-mf-vgt\/","title":{"rendered":"Besplatni uvodni seminar za Mountain-fit visokogorski te\u010daj MF VGT"},"content":{"rendered":"<p><strong>Seminar za Mountain-Fit VisokoGorski te\u010daj\u00a0MF VGT.<\/strong><\/p>\n<p><!--more--><\/p>\n<h4 style=\"text-align: center;\"><strong>Beplatni uvodni seminar za Mountain-Fit VisokoGorski Te\u010daj<\/strong><\/h4>\n<h4 style=\"text-align: center;\"><strong>MF VGT<\/strong><\/h4>\n<p>&nbsp;<\/p>\n<p><strong>Na ovom seminaru doznat \u0107ete:<\/strong><\/p>\n<ul>\n<li>\u0160to je to visokogorstvo<\/li>\n<li>Koji su rizici u visokogorstvu<\/li>\n<li>Za\u0161to uop\u0107e krenuti put visokih gora<\/li>\n<li>Koje su predispozicije da bi se krenulo put visokih gora<\/li>\n<li>Kakva psihofizi\u010dka sprema je potrebna za ovu aktivnost<\/li>\n<li>Za\u0161to je potrebno pro\u0107i visokogorski te\u010daj<\/li>\n<li>Kome je namjenjen ovaj te\u010daj<\/li>\n<li>Koji su uvjeti za pristupanju te\u010daja<\/li>\n<li>Koja znanja i vje\u0161tine \u0107e ste\u0107i kanditat<\/li>\n<li>Od koliko modula se sastoji te\u010daj<\/li>\n<li>Na kojim destinacijama i terminu \u0107e se odvijati te\u010daj<\/li>\n<li>Tko \u0107e biti stru\u010dni voditelji te\u010daja<\/li>\n<li>Kao i cijenu te\u010daja<br \/>\n<hr \/>\n<\/li>\n<\/ul>\n<p><strong>Tko mo\u017ee do\u0107i na ovaj besplatni uvodni seminar za visokogorski te\u010daj?<\/strong><\/p>\n<p>Seminar je otvoren za sve zainteresirane ali prvenstveno za:<\/p>\n<p>-sve koji ve\u0107 imaju ne\u0161to iskustva u visokogorstvu ali su shvatili da im nedostaje znanja i vje\u0161tine<br \/>\n-svi planinari koji \u017eele nau\u010diti vje\u0161tine kretanja po vi\u0161im vrhovima na \u0161to sigurniji na\u010din<br \/>\n-svi oni koji \u017eele nau\u010diti od iskusnih i \u0161kolovanih vodi\u010da<br \/>\n-svi planinari koji se u budu\u0107nosti vide na vi\u0161im vrhovima od 2000 m<br \/>\n-svi oni koji ne znaju \u0161to je visokogorstvo ali su ne\u0161to na\u010duli<\/p>\n<p>&nbsp;<\/p>\n<p><a href=\"http:\/\/adhara.hr\/web\/wp-content\/uploads\/2016\/10\/Mountain-Fit-adhara-nutricionizam-ayurveda.jpg\"><img fetchpriority=\"high\" decoding=\"async\" class=\" wp-image-3904\" src=\"http:\/\/adhara.hr\/web\/wp-content\/uploads\/2016\/10\/Mountain-Fit-adhara-nutricionizam-ayurveda.jpg\" alt=\"OLYMPUS DIGITAL CAMERA\" width=\"550\" height=\"413\" srcset=\"https:\/\/adhara.gajagati.hr\/web\/wp-content\/uploads\/2016\/10\/Mountain-Fit-adhara-nutricionizam-ayurveda.jpg 1024w, https:\/\/adhara.gajagati.hr\/web\/wp-content\/uploads\/2016\/10\/Mountain-Fit-adhara-nutricionizam-ayurveda-300x225.jpg 300w, https:\/\/adhara.gajagati.hr\/web\/wp-content\/uploads\/2016\/10\/Mountain-Fit-adhara-nutricionizam-ayurveda-768x576.jpg 768w, https:\/\/adhara.gajagati.hr\/web\/wp-content\/uploads\/2016\/10\/Mountain-Fit-adhara-nutricionizam-ayurveda-600x450.jpg 600w\" sizes=\"(max-width: 550px) 100vw, 550px\" \/><\/a><\/p>\n<p>&nbsp;<\/p>\n<p><strong>Gdje \u0107e se odr\u017eati besplatni uvodni seminar?<\/strong><\/p>\n<p>Besplatni seminar \u0107e se odr\u017eati<br \/>\n<strong>25.11.2016. \u2013 petak<\/strong><br \/>\nu poslovnim prostorijama<br \/>\n<strong>Mountain-fit-a<\/strong><\/p>\n<p>na adresi<\/p>\n<p><strong>Antunovac 27 u Zagrebu<\/strong><\/p>\n<p><strong>u 18.30 h<\/strong><\/p>\n<hr \/>\n<p>U slu\u010daju ve\u0107eg odaziva zainteresiranih mjesto odr\u017eavanja seminara bit \u0107e naknadno objavljeno.<\/p>\n<p>Seminar \u0107e trajati do 19.30 h, poslije slijede pitanja i prijave, osvje\u017eenje i dru\u017eenje.<\/p>\n<p>Broj kandidata za te\u010daj bit \u0107e ograni\u010den zbog kvalitete izvedbe.<\/p>\n<p>Po zavr\u0161etku te\u010daja polaznici \u0107e dobiti <strong>certifikat o zavr\u0161enom MF VGT!<\/strong><\/p>\n<p>&nbsp;<\/p>\n<p>Detaljnije informacije i na\u010din prijave mo\u017eete prona\u0107i <a href=\"http:\/\/www.mountain-fit.com\/besplatni-uvodni-seminar-mountain-fit-visokogorski-tecaj\/\" target=\"_blank\">OVDJE<\/a>.<\/p>\n<p>&nbsp;<\/p>\n<p>&nbsp;<\/p>\n<p>&nbsp;<\/p>\n<p>&nbsp;<\/p>\n<h2><\/h2>\n","protected":false},"excerpt":{"rendered":"<p>Seminar za Mountain-Fit VisokoGorski te\u010daj\u00a0MF VGT.<\/p>\n","protected":false},"author":3,"featured_media":3905,"comment_status":"open","ping_status":"open","sticky":false,"template":"","format":"standard","meta":{"footnotes":""},"categories":[71],"tags":[],"class_list":["post-3903","post","type-post","status-publish","format-standard","has-post-thumbnail","hentry","category-sto-smo-radili"],"_links":{"self":[{"href":"https:\/\/adhara.gajagati.hr\/web\/wp-json\/wp\/v2\/posts\/3903","targetHints":{"allow":["GET"]}}],"collection":[{"href":"https:\/\/adhara.gajagati.hr\/web\/wp-json\/wp\/v2\/posts"}],"about":[{"href":"https:\/\/adhara.gajagati.hr\/web\/wp-json\/wp\/v2\/types\/post"}],"author":[{"embeddable":true,"href":"https:\/\/adhara.gajagati.hr\/web\/wp-json\/wp\/v2\/users\/3"}],"replies":[{"embeddable":true,"href":"https:\/\/adhara.gajagati.hr\/web\/wp-json\/wp\/v2\/comments?post=3903"}],"version-history":[{"count":0,"href":"https:\/\/adhara.gajagati.hr\/web\/wp-json\/wp\/v2\/posts\/3903\/revisions"}],"wp:featuredmedia":[{"embeddable":true,"href":"https:\/\/adhara.gajagati.hr\/web\/wp-json\/wp\/v2\/media\/3905"}],"wp:attachment":[{"href":"https:\/\/adhara.gajagati.hr\/web\/wp-json\/wp\/v2\/media?parent=3903"}],"wp:term":[{"taxonomy":"category","embeddable":true,"href":"https:\/\/adhara.gajagati.hr\/web\/wp-json\/wp\/v2\/categories?post=3903"},{"taxonomy":"post_tag","embeddable":true,"href":"https:\/\/adhara.gajagati.hr\/web\/wp-json\/wp\/v2\/tags?post=3903"}],"curies":[{"name":"wp","href":"https:\/\/api.w.org\/{rel}","templated":true}]}}