{"id":3910,"date":"2016-10-28T12:54:39","date_gmt":"2016-10-28T10:54:39","guid":{"rendered":"http:\/\/adhara.hr\/?p=3910"},"modified":"2016-10-28T12:54:39","modified_gmt":"2016-10-28T10:54:39","slug":"pismo-zadovoljne-klijentice","status":"publish","type":"post","link":"https:\/\/adhara.gajagati.hr\/web\/2016\/10\/28\/pismo-zadovoljne-klijentice\/","title":{"rendered":"Pismo zadovoljne klijentice"},"content":{"rendered":"<h5 style=\"text-align: justify;\">Cilj: istr\u010dati maraton!<br \/>\n<!--more--><\/h5>\n<div style=\"text-align: justify;\">Draga Irena,<\/div>\n<div style=\"text-align: justify;\">imam lijepu potrebu zahvaliti Vam na korisnim savjetima kojima ste mi pomogli da ostvarim svoj tako \u017eeljeni cilj&#8230; istr\u010dati Maraton..pravi pravcati Maraton. (42,195km).<\/div>\n<div style=\"text-align: justify;\"><\/div>\n<div style=\"text-align: justify;\">Krajem svibnja odlu\u010dila sam po\u010deti sa pripremama koje su trajale punih 5 mjeseci. U tom vremenu bilo je puno treniranja (\u00a05xtjedno) istr\u010dano cca 900 km, puno radnih i obiteljskih\u00a0obaveza, u svemu tome nedovoljno odmora, i sve to se malo pomalo odrazilo na pad energije, umor, razina \u017eeljeza spustila se ispod normale, gubitak kg i sl. Obzirom da uop\u0107e\u00a0nisam razmi\u0161ljala o odustajanju od priprema, odlu\u010dila sam potra\u017eiti stru\u010dni savjet nutricionistice Irene koju sam upoznala na jednom predavanju o prehrani. Tada sam mislila da dosta toga znam, no\u00a0to nije bilo dovoljno. Zahvaljuju\u0107i Ireninim stru\u010dnim savjetima, promjenom dotada\u0161njih\u00a0prehrambenih navika, savjetima oko hidracije,\u00a0\u00a0pravilnim izborom i kombiniranjem namirnica uspjela mi je u samo 2 mjeseca podi\u0107i razinu \u017eeljeza, pove\u0107ati energiju i\u00a0omogu\u0107iti mi nastavak treniranja\u00a0cijelo to vrijeme bez prekida.<\/div>\n<div style=\"text-align: justify;\">I na kraju najbitnije da je moj 1. slu\u017ebeni maraton sada iza mene i ve\u0107 razmi\u0161ljam kada \u0107e biti sljede\u0107i&#8230; \ud83d\ude42 \ud83d\ude42\u00a0Iskreno sam zahvalna Ireni na podr\u0161ci prije i za vrijeme utrke&#8230;:) \ud83d\ude42<\/div>\n<div style=\"text-align: justify;\"><\/div>\n<div style=\"text-align: justify;\"><\/div>\n<div style=\"text-align: justify;\"><a href=\"http:\/\/adhara.hr\/web\/wp-content\/uploads\/2016\/10\/maraton-zadovoljna-klijentica-adhara-nutricionizam-ayurveda.jpg\"><img fetchpriority=\"high\" decoding=\"async\" class=\"alignnone  wp-image-3909\" src=\"http:\/\/adhara.hr\/web\/wp-content\/uploads\/2016\/10\/maraton-zadovoljna-klijentica-adhara-nutricionizam-ayurveda.jpg\" alt=\"maraton-zadovoljna-klijentica-adhara-nutricionizam-ayurveda\" width=\"294\" height=\"523\" srcset=\"https:\/\/adhara.gajagati.hr\/web\/wp-content\/uploads\/2016\/10\/maraton-zadovoljna-klijentica-adhara-nutricionizam-ayurveda.jpg 850w, https:\/\/adhara.gajagati.hr\/web\/wp-content\/uploads\/2016\/10\/maraton-zadovoljna-klijentica-adhara-nutricionizam-ayurveda-169x300.jpg 169w, https:\/\/adhara.gajagati.hr\/web\/wp-content\/uploads\/2016\/10\/maraton-zadovoljna-klijentica-adhara-nutricionizam-ayurveda-576x1024.jpg 576w, https:\/\/adhara.gajagati.hr\/web\/wp-content\/uploads\/2016\/10\/maraton-zadovoljna-klijentica-adhara-nutricionizam-ayurveda-768x1366.jpg 768w, https:\/\/adhara.gajagati.hr\/web\/wp-content\/uploads\/2016\/10\/maraton-zadovoljna-klijentica-adhara-nutricionizam-ayurveda-600x1067.jpg 600w\" sizes=\"(max-width: 294px) 100vw, 294px\" \/><\/a><\/div>\n<div style=\"text-align: justify;\"><\/div>\n<div style=\"text-align: justify;\"><\/div>\n<div style=\"text-align: justify;\">Sandra \u010cini\u0107<\/div>\n<p style=\"text-align: justify;\">\n","protected":false},"excerpt":{"rendered":"<p>Cilj: istr\u010dati maraton!<\/p>\n","protected":false},"author":3,"featured_media":2559,"comment_status":"closed","ping_status":"closed","sticky":false,"template":"","format":"standard","meta":{"footnotes":""},"categories":[74],"tags":[],"class_list":["post-3910","post","type-post","status-publish","format-standard","has-post-thumbnail","hentry","category-vijesti"],"_links":{"self":[{"href":"https:\/\/adhara.gajagati.hr\/web\/wp-json\/wp\/v2\/posts\/3910","targetHints":{"allow":["GET"]}}],"collection":[{"href":"https:\/\/adhara.gajagati.hr\/web\/wp-json\/wp\/v2\/posts"}],"about":[{"href":"https:\/\/adhara.gajagati.hr\/web\/wp-json\/wp\/v2\/types\/post"}],"author":[{"embeddable":true,"href":"https:\/\/adhara.gajagati.hr\/web\/wp-json\/wp\/v2\/users\/3"}],"replies":[{"embeddable":true,"href":"https:\/\/adhara.gajagati.hr\/web\/wp-json\/wp\/v2\/comments?post=3910"}],"version-history":[{"count":0,"href":"https:\/\/adhara.gajagati.hr\/web\/wp-json\/wp\/v2\/posts\/3910\/revisions"}],"wp:featuredmedia":[{"embeddable":true,"href":"https:\/\/adhara.gajagati.hr\/web\/wp-json\/wp\/v2\/media\/2559"}],"wp:attachment":[{"href":"https:\/\/adhara.gajagati.hr\/web\/wp-json\/wp\/v2\/media?parent=3910"}],"wp:term":[{"taxonomy":"category","embeddable":true,"href":"https:\/\/adhara.gajagati.hr\/web\/wp-json\/wp\/v2\/categories?post=3910"},{"taxonomy":"post_tag","embeddable":true,"href":"https:\/\/adhara.gajagati.hr\/web\/wp-json\/wp\/v2\/tags?post=3910"}],"curies":[{"name":"wp","href":"https:\/\/api.w.org\/{rel}","templated":true}]}}