{"id":4621,"date":"2017-08-23T17:13:08","date_gmt":"2017-08-23T15:13:08","guid":{"rendered":"http:\/\/adhara.hr\/?p=4621"},"modified":"2017-08-23T17:13:08","modified_gmt":"2017-08-23T15:13:08","slug":"najznacajnije-aktivnosti-u-prvom-dijelu-2017-godine","status":"publish","type":"post","link":"https:\/\/adhara.gajagati.hr\/web\/2017\/08\/23\/najznacajnije-aktivnosti-u-prvom-dijelu-2017-godine\/","title":{"rendered":"Najzna\u010dajnije aktivnosti u prvom dijelu 2017. godine"},"content":{"rendered":"<p><!--more-->Donosimo Vam kratak pregled aktivnosti koje su se odvijale u centru za nutricionziam i ayurvedu Adhara. Ponosni smo na 3.dane Ayurvede u Zagrebu koji su se odr\u017eali od 11.5. do 23.5.2017. godine. Posjetila nas je dr.Rao iz Indije i najprije odr\u017eala otvoreno predavanje na temu &#8220;Ayurveda-holisti\u010dki pristup zdravlju i regulaciji te\u017eine&#8221;. Na tom predavanju se moglo saznati \u0161to je Ayurveda i na \u010demu se temelji, te poneki recept za pomo\u0107 pri mr\u0161avljenju koji naj\u010de\u0161\u0107e uklju\u010duje kurkumu. U sljede\u0107im danima dr.Rao je provodila pulsnu dijagnozu i obavljala konzultacije. Nakon utvr\u0111ivanja stanja organizma, ali i duha, na\u0161i klijenti su mogli krenuti sa radionicom pod nazivom &#8220;Intezivna ayurvedska detoksikacija &#8211; za bolje zdravlje i u\u010dinkovito mr\u0161avljenje&#8221;. Navedena radionica se temeljila na holisti\u010dkom pristupu osloba\u0111anja tijela od toksina. Odr\u017eana je i jo\u0161 jedna radionica: &#8220;Ayurvedsko-nutricionisti\u010dki doru\u010dak za detox organizma&#8221; gdje su na\u0161i klijneti pod vodstvom dr.Rao i mr.sc. Irene \u0160vende nau\u010dili kako kombinirati namirnice i za\u010dine u doru\u010dku. \u00a0Kako je to sve izgledalo, pogledajte u na\u0161oj galeriji.<\/p>\n<p>Nadalje, o\u010dekuju nas brojne aktivnosti u rujnu kao \u0161to su konzultacije kod ayurvedskog savjetnika Dubravka Harapina koji mijenja na\u0161u Irenu dok je na porodiljnom, kre\u0107u novi upisi yoge, kao i Dani vitke linije koje \u0107e provoditi nutricionistica Ivana \u0160imi\u0107. O navedenim doga\u0111anjima biti \u0107e jo\u0161 obavijesti.<\/p>\n","protected":false},"excerpt":{"rendered":"","protected":false},"author":3,"featured_media":4629,"comment_status":"closed","ping_status":"closed","sticky":false,"template":"","format":"gallery","meta":{"footnotes":""},"categories":[71],"tags":[],"class_list":["post-4621","post","type-post","status-publish","format-gallery","has-post-thumbnail","hentry","category-sto-smo-radili","post_format-post-format-gallery"],"_links":{"self":[{"href":"https:\/\/adhara.gajagati.hr\/web\/wp-json\/wp\/v2\/posts\/4621","targetHints":{"allow":["GET"]}}],"collection":[{"href":"https:\/\/adhara.gajagati.hr\/web\/wp-json\/wp\/v2\/posts"}],"about":[{"href":"https:\/\/adhara.gajagati.hr\/web\/wp-json\/wp\/v2\/types\/post"}],"author":[{"embeddable":true,"href":"https:\/\/adhara.gajagati.hr\/web\/wp-json\/wp\/v2\/users\/3"}],"replies":[{"embeddable":true,"href":"https:\/\/adhara.gajagati.hr\/web\/wp-json\/wp\/v2\/comments?post=4621"}],"version-history":[{"count":0,"href":"https:\/\/adhara.gajagati.hr\/web\/wp-json\/wp\/v2\/posts\/4621\/revisions"}],"wp:featuredmedia":[{"embeddable":true,"href":"https:\/\/adhara.gajagati.hr\/web\/wp-json\/wp\/v2\/media\/4629"}],"wp:attachment":[{"href":"https:\/\/adhara.gajagati.hr\/web\/wp-json\/wp\/v2\/media?parent=4621"}],"wp:term":[{"taxonomy":"category","embeddable":true,"href":"https:\/\/adhara.gajagati.hr\/web\/wp-json\/wp\/v2\/categories?post=4621"},{"taxonomy":"post_tag","embeddable":true,"href":"https:\/\/adhara.gajagati.hr\/web\/wp-json\/wp\/v2\/tags?post=4621"}],"curies":[{"name":"wp","href":"https:\/\/api.w.org\/{rel}","templated":true}]}}