{"id":4740,"date":"2017-12-19T11:49:28","date_gmt":"2017-12-19T10:49:28","guid":{"rendered":"http:\/\/adhara.hr\/?p=4740"},"modified":"2017-12-19T11:49:28","modified_gmt":"2017-12-19T10:49:28","slug":"rad-centra-tokom-bozicnih-blagdana","status":"publish","type":"post","link":"https:\/\/adhara.gajagati.hr\/web\/2017\/12\/19\/rad-centra-tokom-bozicnih-blagdana\/","title":{"rendered":"Rad centra tokom bo\u017ei\u0107nih blagdana"},"content":{"rendered":"<p><!--more-->Dragi na\u0161i,<\/p>\n<p>u ovo blagdansko vrijeme svi \u017eelimo biti sa svojim najmilijima u toplini doma. Svima nam treba predah i odmor, \u010dak i od stvari u kojima svakodnevno u\u017eivamo. Stoga Vas obavije\u0161tavamo da \u0107e <strong>centar biti zatvoren od 22.12.2017.-7.1.2018<\/strong>. Ponovo se vra\u0107amo puni elana i energije 8.1.2018.<\/p>\n<p><strong>Podsje\u0107amo na sljede\u0107e:<!--more--><\/strong><\/p>\n<p>-prve i jedine <strong>ayurvedske<\/strong>\u00a0\u00a0<strong>konzultacije<\/strong> u sije\u010dnju kod gospodina Dubravka Harapina koji mijenja mr. sc. Irenu \u0160vendu dok je na porodiljnom, odr\u017eati \u0107e se u popodnevnim satima <strong>15.1.2018.\u00a0<\/strong><\/p>\n<p>&#8211;<strong>yoga<\/strong> se odr\u017eava\u00a0 ponedjeljkom i \u010detvrtkom u 2 male grupe od 17:30-180:30 i od 19:30-20:30 u 2018.-oj godini<\/p>\n<p>-s povratkom ponovo kre\u0107emo s <strong>Danima vitke linije<\/strong>, ali o tome uskoro detaljnije<\/p>\n<p><strong>Dok je centar zatvoren<\/strong>, molimo Vas da se za upite obra\u0107ate<strong> isklju\u010divo na e-mail<\/strong>: <strong>adhara.centar@gmail.com<\/strong><\/p>\n<p>&nbsp;<\/p>\n<p>O svim novostima informirati \u0107emo Vas na vrijeme!<\/p>\n<p>&nbsp;<\/p>\n<p>\u017delimo Vam ugodne i sretne blagdane uz obilje mira, ljubavi, ukusne i zdrave hrane! Ukoliko pretjerate sa \u0161e\u0107erom i masnom hranom, mi smo tu nakon blagdana da Vas vratimo u ravnote\u017eu!<\/p>\n<p><strong>Od srca, sretan i blagosljoven Bo\u017ei\u0107 te uspje\u0161nu i radosnu 2018.-u godinu \u017eeli Vam mr. sc. Irena \u0160venda i tim Adhara centra! \ud83d\ude42<\/strong><\/p>\n<p>&nbsp;<\/p>\n","protected":false},"excerpt":{"rendered":"","protected":false},"author":3,"featured_media":4741,"comment_status":"closed","ping_status":"closed","sticky":false,"template":"","format":"standard","meta":{"footnotes":""},"categories":[71],"tags":[],"class_list":["post-4740","post","type-post","status-publish","format-standard","has-post-thumbnail","hentry","category-sto-smo-radili"],"_links":{"self":[{"href":"https:\/\/adhara.gajagati.hr\/web\/wp-json\/wp\/v2\/posts\/4740","targetHints":{"allow":["GET"]}}],"collection":[{"href":"https:\/\/adhara.gajagati.hr\/web\/wp-json\/wp\/v2\/posts"}],"about":[{"href":"https:\/\/adhara.gajagati.hr\/web\/wp-json\/wp\/v2\/types\/post"}],"author":[{"embeddable":true,"href":"https:\/\/adhara.gajagati.hr\/web\/wp-json\/wp\/v2\/users\/3"}],"replies":[{"embeddable":true,"href":"https:\/\/adhara.gajagati.hr\/web\/wp-json\/wp\/v2\/comments?post=4740"}],"version-history":[{"count":0,"href":"https:\/\/adhara.gajagati.hr\/web\/wp-json\/wp\/v2\/posts\/4740\/revisions"}],"wp:featuredmedia":[{"embeddable":true,"href":"https:\/\/adhara.gajagati.hr\/web\/wp-json\/wp\/v2\/media\/4741"}],"wp:attachment":[{"href":"https:\/\/adhara.gajagati.hr\/web\/wp-json\/wp\/v2\/media?parent=4740"}],"wp:term":[{"taxonomy":"category","embeddable":true,"href":"https:\/\/adhara.gajagati.hr\/web\/wp-json\/wp\/v2\/categories?post=4740"},{"taxonomy":"post_tag","embeddable":true,"href":"https:\/\/adhara.gajagati.hr\/web\/wp-json\/wp\/v2\/tags?post=4740"}],"curies":[{"name":"wp","href":"https:\/\/api.w.org\/{rel}","templated":true}]}}