{"id":5201,"date":"2018-12-21T15:52:10","date_gmt":"2018-12-21T14:52:10","guid":{"rendered":"http:\/\/adhara.hr\/?p=5201"},"modified":"2018-12-21T15:52:10","modified_gmt":"2018-12-21T14:52:10","slug":"odrzana-radionica-etericna-ulja-i-emocije","status":"publish","type":"post","link":"https:\/\/adhara.gajagati.hr\/web\/2018\/12\/21\/odrzana-radionica-etericna-ulja-i-emocije\/","title":{"rendered":"Odr\u017eana radionica &#8220;Eteri\u010dna ulja i emocije&#8221;"},"content":{"rendered":"<p>U nedjelju 16.12. odr\u017eana je radionica &#8220;Eteri\u010dna ulja i emocije&#8221; pod vodstvom na\u0161e obiteljske aromaterapeutkinje i ayurvedske prakti\u010darke Eni Berger. Interes za radionicu je bio velik, sasvim opravdano, s obzirom da raste svijest o snazi iz prirode. No, va\u017eno je znati kada i kako upotrijebiti eteri\u010dna ulja i kako ona utje\u010du na emocije! Veselimo se budu\u0107im sli\u010dnim radionicama!<\/p>\n<p><!--more--><\/p>\n<p>&nbsp;<\/p>\n<p>Eteri\u010dna ulja nalaze svoju primjenu ve\u0107 gotovo 5000 godina.\u00a0Osim znnstveno potvr\u0111enog medicinskog djelovanja eteri\u010dnih ulja,, znanstvenici su potvrdili I djelovanje eteri\u010dnih ulja na emocije.\u00a0 Udisanjem molekula eteri\u010dnog ulja , receptori u nosu \u0161aljlu signal u dio na\u0161eg mozga\u00a0 koji kontrolira emocije. tj. do \u00a0limbi\u010dkog sustava.\u00a0 \u00a0Zato nas pojedini mirisi mogu podsjetiti na neka davno zaboravljena sje\u0107anja.<\/p>\n<p>Na radionici \u0107emo nau\u010diti kako eteri\u010dnim uljima o\u010distiti svoje energetsko polje, te \u0107emo raditi kratke vje\u017ebe i procese kako bi bolje razumjeli\u00a0 povezanost emocija i utjecaja eteri\u010dnih ulja na razli\u010dita psiho-emotivna stanja.\u00a0 Upotrebom to\u010dno odre\u0111enog\u00a0 eteri\u010dnog ulja mo\u017eemo aktivirati\u00a0 limbi\u010dki sustav unutar mozga, tj.\u00a0 endokrinu \u017elijezdu\u00a0<strong>hipofizu koja regulira sve hormone.<\/strong><strong>.<\/strong>\u00a0Osim hipofize, aktivira se i\u00a0<strong>hipotalamus<\/strong><strong>,<\/strong>\u00a0odnosno dio mozga koji nadzire rad na\u0161eg vegetativnog \u017eiv\u010danog sustava. Tako\u0111er, va\u017eno je naglasiti da on preko hipofize nadzire i rad endokrinog sustava. Na taj na\u010din, \u00a0upotrebom raznih mirisa nau\u010dit \u0107emo utjecati na emocije, razli\u010dita psihi\u010dka stanja . Tako\u0111er ove informacije mogu biti od velike koristi za smanjenje utjecaja jednog od\u00a0na\u0161ih nezaobilaznih neprijatelja \u2013 stresa.<\/p>\n<div id='gallery-1' class='gallery galleryid-5201 gallery-columns-3 gallery-size-thumbnail'><figure class='gallery-item'>\n\t\t\t<div class='gallery-icon landscape'>\n\t\t\t\t<a href='https:\/\/adhara.gajagati.hr\/web\/2018\/12\/21\/odrzana-radionica-etericna-ulja-i-emocije\/img-20181220-wa0002\/'><img decoding=\"async\" width=\"150\" height=\"150\" src=\"https:\/\/adhara.gajagati.hr\/web\/wp-content\/uploads\/2018\/12\/IMG-20181220-WA0002-150x150.jpg\" class=\"attachment-thumbnail size-thumbnail\" alt=\"adhara\" srcset=\"https:\/\/adhara.gajagati.hr\/web\/wp-content\/uploads\/2018\/12\/IMG-20181220-WA0002-150x150.jpg 150w, https:\/\/adhara.gajagati.hr\/web\/wp-content\/uploads\/2018\/12\/IMG-20181220-WA0002-750x750.jpg 750w, https:\/\/adhara.gajagati.hr\/web\/wp-content\/uploads\/2018\/12\/IMG-20181220-WA0002-300x300.jpg 300w, https:\/\/adhara.gajagati.hr\/web\/wp-content\/uploads\/2018\/12\/IMG-20181220-WA0002-100x100.jpg 100w\" sizes=\"(max-width: 150px) 100vw, 150px\" \/><\/a>\n\t\t\t<\/div><\/figure><figure class='gallery-item'>\n\t\t\t<div class='gallery-icon landscape'>\n\t\t\t\t<a href='https:\/\/adhara.gajagati.hr\/web\/2018\/12\/21\/odrzana-radionica-etericna-ulja-i-emocije\/img-20181220-wa0003-1\/'><img decoding=\"async\" width=\"150\" height=\"150\" src=\"https:\/\/adhara.gajagati.hr\/web\/wp-content\/uploads\/2018\/12\/IMG-20181220-WA0003-1-150x150.jpg\" class=\"attachment-thumbnail size-thumbnail\" alt=\"\" srcset=\"https:\/\/adhara.gajagati.hr\/web\/wp-content\/uploads\/2018\/12\/IMG-20181220-WA0003-1-150x150.jpg 150w, https:\/\/adhara.gajagati.hr\/web\/wp-content\/uploads\/2018\/12\/IMG-20181220-WA0003-1-750x750.jpg 750w, https:\/\/adhara.gajagati.hr\/web\/wp-content\/uploads\/2018\/12\/IMG-20181220-WA0003-1-300x300.jpg 300w, https:\/\/adhara.gajagati.hr\/web\/wp-content\/uploads\/2018\/12\/IMG-20181220-WA0003-1-100x100.jpg 100w\" sizes=\"(max-width: 150px) 100vw, 150px\" \/><\/a>\n\t\t\t<\/div><\/figure><figure class='gallery-item'>\n\t\t\t<div class='gallery-icon landscape'>\n\t\t\t\t<a href='https:\/\/adhara.gajagati.hr\/web\/2018\/12\/21\/odrzana-radionica-etericna-ulja-i-emocije\/img-20181220-wa0015\/'><img decoding=\"async\" width=\"150\" height=\"150\" src=\"https:\/\/adhara.gajagati.hr\/web\/wp-content\/uploads\/2018\/12\/IMG-20181220-WA0015-150x150.jpg\" class=\"attachment-thumbnail size-thumbnail\" alt=\"\" srcset=\"https:\/\/adhara.gajagati.hr\/web\/wp-content\/uploads\/2018\/12\/IMG-20181220-WA0015-150x150.jpg 150w, https:\/\/adhara.gajagati.hr\/web\/wp-content\/uploads\/2018\/12\/IMG-20181220-WA0015-750x750.jpg 750w, https:\/\/adhara.gajagati.hr\/web\/wp-content\/uploads\/2018\/12\/IMG-20181220-WA0015-300x300.jpg 300w, https:\/\/adhara.gajagati.hr\/web\/wp-content\/uploads\/2018\/12\/IMG-20181220-WA0015-100x100.jpg 100w\" sizes=\"(max-width: 150px) 100vw, 150px\" \/><\/a>\n\t\t\t<\/div><\/figure><figure class='gallery-item'>\n\t\t\t<div class='gallery-icon landscape'>\n\t\t\t\t<a href='https:\/\/adhara.gajagati.hr\/web\/2018\/12\/21\/odrzana-radionica-etericna-ulja-i-emocije\/img-20181220-wa0016-1\/'><img loading=\"lazy\" decoding=\"async\" width=\"150\" height=\"150\" src=\"https:\/\/adhara.gajagati.hr\/web\/wp-content\/uploads\/2018\/12\/IMG-20181220-WA0016-1-150x150.jpg\" class=\"attachment-thumbnail size-thumbnail\" alt=\"\" srcset=\"https:\/\/adhara.gajagati.hr\/web\/wp-content\/uploads\/2018\/12\/IMG-20181220-WA0016-1-150x150.jpg 150w, https:\/\/adhara.gajagati.hr\/web\/wp-content\/uploads\/2018\/12\/IMG-20181220-WA0016-1-750x750.jpg 750w, https:\/\/adhara.gajagati.hr\/web\/wp-content\/uploads\/2018\/12\/IMG-20181220-WA0016-1-300x300.jpg 300w, https:\/\/adhara.gajagati.hr\/web\/wp-content\/uploads\/2018\/12\/IMG-20181220-WA0016-1-100x100.jpg 100w\" sizes=\"(max-width: 150px) 100vw, 150px\" \/><\/a>\n\t\t\t<\/div><\/figure>\n\t\t<\/div>\n\n<p>&nbsp;<\/p>\n","protected":false},"excerpt":{"rendered":"<p>U nedjelju 16.12. odr\u017eana je radionica &#8220;Eteri\u010dna ulja i emocije&#8221; pod vodstvom na\u0161e obiteljske aromaterapeutkinje i ayurvedske prakti\u010darke Eni Berger.&#8230;<\/p>\n","protected":false},"author":3,"featured_media":5202,"comment_status":"closed","ping_status":"closed","sticky":false,"template":"","format":"standard","meta":{"footnotes":""},"categories":[71],"tags":[],"class_list":["post-5201","post","type-post","status-publish","format-standard","has-post-thumbnail","hentry","category-sto-smo-radili"],"_links":{"self":[{"href":"https:\/\/adhara.gajagati.hr\/web\/wp-json\/wp\/v2\/posts\/5201","targetHints":{"allow":["GET"]}}],"collection":[{"href":"https:\/\/adhara.gajagati.hr\/web\/wp-json\/wp\/v2\/posts"}],"about":[{"href":"https:\/\/adhara.gajagati.hr\/web\/wp-json\/wp\/v2\/types\/post"}],"author":[{"embeddable":true,"href":"https:\/\/adhara.gajagati.hr\/web\/wp-json\/wp\/v2\/users\/3"}],"replies":[{"embeddable":true,"href":"https:\/\/adhara.gajagati.hr\/web\/wp-json\/wp\/v2\/comments?post=5201"}],"version-history":[{"count":0,"href":"https:\/\/adhara.gajagati.hr\/web\/wp-json\/wp\/v2\/posts\/5201\/revisions"}],"wp:featuredmedia":[{"embeddable":true,"href":"https:\/\/adhara.gajagati.hr\/web\/wp-json\/wp\/v2\/media\/5202"}],"wp:attachment":[{"href":"https:\/\/adhara.gajagati.hr\/web\/wp-json\/wp\/v2\/media?parent=5201"}],"wp:term":[{"taxonomy":"category","embeddable":true,"href":"https:\/\/adhara.gajagati.hr\/web\/wp-json\/wp\/v2\/categories?post=5201"},{"taxonomy":"post_tag","embeddable":true,"href":"https:\/\/adhara.gajagati.hr\/web\/wp-json\/wp\/v2\/tags?post=5201"}],"curies":[{"name":"wp","href":"https:\/\/api.w.org\/{rel}","templated":true}]}}