{"id":5209,"date":"2018-12-21T16:03:02","date_gmt":"2018-12-21T15:03:02","guid":{"rendered":"http:\/\/adhara.hr\/?p=5209"},"modified":"2018-12-21T16:03:02","modified_gmt":"2018-12-21T15:03:02","slug":"konzultacije-u-sijecnju","status":"publish","type":"post","link":"https:\/\/adhara.gajagati.hr\/web\/2018\/12\/21\/konzultacije-u-sijecnju\/","title":{"rendered":"Konzultacije u sije\u010dnju"},"content":{"rendered":"<p>[vc_row][vc_column][vc_column_text]Dragi na\u0161i,<\/p>\n<p>svi koji se patite oko razli\u010ditih poreme\u0107aja i bolesti,a zanima vas holisti\u010dki i prirodni pristup tretiranju istih, slobodno zaka\u017eite ayrvedsko-nutricionisti\u010dke konzultacije koje dr\u017ei glavna voditeljica centra mr. sc. Irena \u0160venda.<\/p>\n<p>Datumi:<\/p>\n<ul>\n<li>8.1. od 15 h<\/li>\n<li>15.1. od 15 h<\/li>\n<\/ul>\n<p>Za informaciju o cijenama i detaljima samog pregleda klinkite na <a href=\"http:\/\/adhara.hr\/portfolio\/pregled-konzultacije-2\/\">link<\/a>.<\/p>\n<p>Prijava i rezervacija termina je obavezna!<\/p>\n<p><!--more-->[\/vc_column_text][\/vc_column][\/vc_row][vc_row][vc_column][vc_column_text][\/vc_column_text]<p class=\"wpcf7-contact-form-not-found\"><strong>Gre\u0161ka:<\/strong> Kontakt obrazac nije prona\u0111en.<\/p>[vc_column_text]OGRANI\u010cEN BROJ MJESTA, REZERVIRAJ SVOJ TERMIN &#8211; prijave i informacije na: adhara.centar@gmail.com ili 099 331 4304.<\/p>\n<p>INFORMACIJE ZA UPLATU:\u00a0IBAN <strong>HR4724020061100664099<\/strong>.<\/p>\n<p>NAPOMENA: U\u00a0slu\u010daju popusta za nezaposlene, studente ili umirovljenike molimo da isto navedete prilikom prijave.<\/p>\n<p>&nbsp;<\/p>\n<p><a href=\"http:\/\/adhara.hr\/portfolio\/adhara-holisticka-metoda-regulacije-tezine\/\">Klikni za vi\u0161e o programu Prirodno mr\u0161avljenje\u00a0<\/a>[\/vc_column_text][\/vc_column][\/vc_row]<\/p>\n","protected":false},"excerpt":{"rendered":"<p>[vc_row][vc_column][vc_column_text]Dragi na\u0161i, svi koji se patite oko razli\u010ditih poreme\u0107aja i bolesti,a zanima vas holisti\u010dki i prirodni pristup tretiranju istih, slobodno&#8230;<\/p>\n","protected":false},"author":3,"featured_media":5149,"comment_status":"closed","ping_status":"closed","sticky":false,"template":"","format":"standard","meta":{"footnotes":""},"categories":[71],"tags":[],"class_list":["post-5209","post","type-post","status-publish","format-standard","has-post-thumbnail","hentry","category-sto-smo-radili"],"_links":{"self":[{"href":"https:\/\/adhara.gajagati.hr\/web\/wp-json\/wp\/v2\/posts\/5209","targetHints":{"allow":["GET"]}}],"collection":[{"href":"https:\/\/adhara.gajagati.hr\/web\/wp-json\/wp\/v2\/posts"}],"about":[{"href":"https:\/\/adhara.gajagati.hr\/web\/wp-json\/wp\/v2\/types\/post"}],"author":[{"embeddable":true,"href":"https:\/\/adhara.gajagati.hr\/web\/wp-json\/wp\/v2\/users\/3"}],"replies":[{"embeddable":true,"href":"https:\/\/adhara.gajagati.hr\/web\/wp-json\/wp\/v2\/comments?post=5209"}],"version-history":[{"count":0,"href":"https:\/\/adhara.gajagati.hr\/web\/wp-json\/wp\/v2\/posts\/5209\/revisions"}],"wp:featuredmedia":[{"embeddable":true,"href":"https:\/\/adhara.gajagati.hr\/web\/wp-json\/wp\/v2\/media\/5149"}],"wp:attachment":[{"href":"https:\/\/adhara.gajagati.hr\/web\/wp-json\/wp\/v2\/media?parent=5209"}],"wp:term":[{"taxonomy":"category","embeddable":true,"href":"https:\/\/adhara.gajagati.hr\/web\/wp-json\/wp\/v2\/categories?post=5209"},{"taxonomy":"post_tag","embeddable":true,"href":"https:\/\/adhara.gajagati.hr\/web\/wp-json\/wp\/v2\/tags?post=5209"}],"curies":[{"name":"wp","href":"https:\/\/api.w.org\/{rel}","templated":true}]}}