{"id":5223,"date":"2019-02-23T08:47:15","date_gmt":"2019-02-23T07:47:15","guid":{"rendered":"http:\/\/adhara.hr\/?p=5223"},"modified":"2019-02-23T08:47:15","modified_gmt":"2019-02-23T07:47:15","slug":"seminar-zima-o-okusima-i-namirnicama-kompatibilnost-hrane","status":"publish","type":"post","link":"https:\/\/adhara.gajagati.hr\/web\/2019\/02\/23\/seminar-zima-o-okusima-i-namirnicama-kompatibilnost-hrane\/","title":{"rendered":"Odr\u017ean seminar-ZIMA-o okusima i namirnicama, kompatibilnost hrane"},"content":{"rendered":"<p>Odr\u017eali smo drugi ciklus seminara na temu godi\u0161njih doba. Oaj put je rije\u010d bila o zimi-o okusima i namirnicama, kompatibilnost hrane. Kako nam je bilo ,pogledajte u galeriji. Idu\u0107i seminar \u010deka nas na temu prolje\u0107a.<\/p>\n<header class=\"kwayy-heading-wrapper kwayy-heading-wrapper-align-center\">\n<div class=\"kwayy-heading-wrapper-inner\">\n<p><!--more--><\/p>\n<h4 class=\"kwayy-heading-align-center\">Svaka radionica prati ayurvedska na\u010dela za odre\u0111eno godi\u0161nje doba<\/h4>\n<\/div>\n<\/header>\n<div class=\"wpb_text_column wpb_content_element \">\n<div class=\"wpb_wrapper\">\n<ul>\n<li>namirnice, za\u010dini, jela i na\u010din pripreme hrane za to godi\u0161nje doba \/<\/li>\n<li>priprema obroka s obzirom na doshe i godi\u0161nje doba, te dodatno sa dijetalnim smjernicama za mr\u0161avljenje<\/li>\n<li>cilj i uloga prehrane kroz godi\u0161nja doba<\/li>\n<li>jesenska, zimska, proljetna, ljetna dnevna rutina (jutarnji ayurvedski rituali, dnevna disciplina i na\u010din pona\u0161anja za ravnote\u017eu dosha i organizma prema godi\u0161njem dobu- dinacharya i ritucharya)<\/li>\n<li>dominantne doshe, elementi, gune (kvalitete) i organi kroz godi\u0161nja doba<\/li>\n<li>Osnovna na\u010dela yoge kroz godi\u0161nja doba<\/li>\n<\/ul>\n<p><strong>Seminar je koncipiran:<\/strong><\/p>\n<p><!--more--><\/p>\n<\/div>\n<p>&nbsp;<\/p>\n<p>\u2013 od interaktivnog predavanja<\/p>\n<p>\u2013 radionice kuhanja<\/p>\n<p>\u2013 pokazne yoga radionice<\/p>\n<p><strong>Na seminaru:<\/strong><\/p>\n<p>\u2013 saznati \u0107ete koja su vam dominantne doshe<\/p>\n<p>\u2013 nau\u010diti kako se uravnote\u017eiti te pona\u0161ati, planirati prehranu i prakticirati yogu po godi\u0161njim dobima<\/p>\n<p>\u2013 uklju\u010den je ru\u010dak koji zajedno pripremamo<\/p>\n<p><!--more--><\/p>\n<div id='gallery-1' class='gallery galleryid-5223 gallery-columns-3 gallery-size-thumbnail'><figure class='gallery-item'>\n\t\t\t<div class='gallery-icon landscape'>\n\t\t\t\t<a href='https:\/\/adhara.gajagati.hr\/web\/2019\/02\/23\/seminar-zima-o-okusima-i-namirnicama-kompatibilnost-hrane\/3-2-2\/'><img decoding=\"async\" width=\"150\" height=\"150\" src=\"https:\/\/adhara.gajagati.hr\/web\/wp-content\/uploads\/2019\/02\/3-150x150.jpg\" class=\"attachment-thumbnail size-thumbnail\" alt=\"adhara\" srcset=\"https:\/\/adhara.gajagati.hr\/web\/wp-content\/uploads\/2019\/02\/3-150x150.jpg 150w, https:\/\/adhara.gajagati.hr\/web\/wp-content\/uploads\/2019\/02\/3-750x750.jpg 750w, https:\/\/adhara.gajagati.hr\/web\/wp-content\/uploads\/2019\/02\/3-300x300.jpg 300w, https:\/\/adhara.gajagati.hr\/web\/wp-content\/uploads\/2019\/02\/3-100x100.jpg 100w\" sizes=\"(max-width: 150px) 100vw, 150px\" \/><\/a>\n\t\t\t<\/div><\/figure><figure class='gallery-item'>\n\t\t\t<div class='gallery-icon portrait'>\n\t\t\t\t<a href='https:\/\/adhara.gajagati.hr\/web\/2019\/02\/23\/seminar-zima-o-okusima-i-namirnicama-kompatibilnost-hrane\/4-3\/'><img decoding=\"async\" width=\"150\" height=\"150\" src=\"https:\/\/adhara.gajagati.hr\/web\/wp-content\/uploads\/2019\/02\/4-150x150.jpg\" class=\"attachment-thumbnail size-thumbnail\" alt=\"\" srcset=\"https:\/\/adhara.gajagati.hr\/web\/wp-content\/uploads\/2019\/02\/4-150x150.jpg 150w, https:\/\/adhara.gajagati.hr\/web\/wp-content\/uploads\/2019\/02\/4-750x750.jpg 750w, https:\/\/adhara.gajagati.hr\/web\/wp-content\/uploads\/2019\/02\/4-300x300.jpg 300w, https:\/\/adhara.gajagati.hr\/web\/wp-content\/uploads\/2019\/02\/4-100x100.jpg 100w\" sizes=\"(max-width: 150px) 100vw, 150px\" \/><\/a>\n\t\t\t<\/div><\/figure><figure class='gallery-item'>\n\t\t\t<div class='gallery-icon landscape'>\n\t\t\t\t<a href='https:\/\/adhara.gajagati.hr\/web\/2019\/02\/23\/seminar-zima-o-okusima-i-namirnicama-kompatibilnost-hrane\/5-2-2\/'><img decoding=\"async\" width=\"150\" height=\"150\" src=\"https:\/\/adhara.gajagati.hr\/web\/wp-content\/uploads\/2019\/02\/5-150x150.jpg\" class=\"attachment-thumbnail size-thumbnail\" alt=\"\" srcset=\"https:\/\/adhara.gajagati.hr\/web\/wp-content\/uploads\/2019\/02\/5-150x150.jpg 150w, https:\/\/adhara.gajagati.hr\/web\/wp-content\/uploads\/2019\/02\/5-750x750.jpg 750w, https:\/\/adhara.gajagati.hr\/web\/wp-content\/uploads\/2019\/02\/5-300x300.jpg 300w, https:\/\/adhara.gajagati.hr\/web\/wp-content\/uploads\/2019\/02\/5-100x100.jpg 100w\" sizes=\"(max-width: 150px) 100vw, 150px\" \/><\/a>\n\t\t\t<\/div><\/figure><figure class='gallery-item'>\n\t\t\t<div class='gallery-icon portrait'>\n\t\t\t\t<a href='https:\/\/adhara.gajagati.hr\/web\/2019\/02\/23\/seminar-zima-o-okusima-i-namirnicama-kompatibilnost-hrane\/6-2\/'><img loading=\"lazy\" decoding=\"async\" width=\"150\" height=\"150\" src=\"https:\/\/adhara.gajagati.hr\/web\/wp-content\/uploads\/2019\/02\/6-1-150x150.jpg\" class=\"attachment-thumbnail size-thumbnail\" alt=\"\" srcset=\"https:\/\/adhara.gajagati.hr\/web\/wp-content\/uploads\/2019\/02\/6-1-150x150.jpg 150w, https:\/\/adhara.gajagati.hr\/web\/wp-content\/uploads\/2019\/02\/6-1-750x750.jpg 750w, https:\/\/adhara.gajagati.hr\/web\/wp-content\/uploads\/2019\/02\/6-1-300x300.jpg 300w, https:\/\/adhara.gajagati.hr\/web\/wp-content\/uploads\/2019\/02\/6-1-100x100.jpg 100w\" sizes=\"(max-width: 150px) 100vw, 150px\" \/><\/a>\n\t\t\t<\/div><\/figure><figure class='gallery-item'>\n\t\t\t<div class='gallery-icon portrait'>\n\t\t\t\t<a href='https:\/\/adhara.gajagati.hr\/web\/2019\/02\/23\/seminar-zima-o-okusima-i-namirnicama-kompatibilnost-hrane\/7-2-2\/'><img loading=\"lazy\" decoding=\"async\" width=\"150\" height=\"150\" src=\"https:\/\/adhara.gajagati.hr\/web\/wp-content\/uploads\/2019\/02\/7-150x150.jpg\" class=\"attachment-thumbnail size-thumbnail\" alt=\"\" srcset=\"https:\/\/adhara.gajagati.hr\/web\/wp-content\/uploads\/2019\/02\/7-150x150.jpg 150w, https:\/\/adhara.gajagati.hr\/web\/wp-content\/uploads\/2019\/02\/7-750x750.jpg 750w, https:\/\/adhara.gajagati.hr\/web\/wp-content\/uploads\/2019\/02\/7-300x300.jpg 300w, https:\/\/adhara.gajagati.hr\/web\/wp-content\/uploads\/2019\/02\/7-100x100.jpg 100w\" sizes=\"(max-width: 150px) 100vw, 150px\" \/><\/a>\n\t\t\t<\/div><\/figure><figure class='gallery-item'>\n\t\t\t<div class='gallery-icon landscape'>\n\t\t\t\t<a href='https:\/\/adhara.gajagati.hr\/web\/2019\/02\/23\/seminar-zima-o-okusima-i-namirnicama-kompatibilnost-hrane\/8-4\/'><img loading=\"lazy\" decoding=\"async\" width=\"150\" height=\"150\" src=\"https:\/\/adhara.gajagati.hr\/web\/wp-content\/uploads\/2019\/02\/8-150x150.jpg\" class=\"attachment-thumbnail size-thumbnail\" alt=\"\" srcset=\"https:\/\/adhara.gajagati.hr\/web\/wp-content\/uploads\/2019\/02\/8-150x150.jpg 150w, https:\/\/adhara.gajagati.hr\/web\/wp-content\/uploads\/2019\/02\/8-750x750.jpg 750w, https:\/\/adhara.gajagati.hr\/web\/wp-content\/uploads\/2019\/02\/8-300x300.jpg 300w, https:\/\/adhara.gajagati.hr\/web\/wp-content\/uploads\/2019\/02\/8-100x100.jpg 100w\" sizes=\"(max-width: 150px) 100vw, 150px\" \/><\/a>\n\t\t\t<\/div><\/figure><figure class='gallery-item'>\n\t\t\t<div class='gallery-icon portrait'>\n\t\t\t\t<a href='https:\/\/adhara.gajagati.hr\/web\/shape-12-4\/'><img loading=\"lazy\" decoding=\"async\" width=\"125\" height=\"127\" src=\"https:\/\/adhara.gajagati.hr\/web\/wp-content\/uploads\/2023\/06\/shape-12.png\" class=\"attachment-thumbnail size-thumbnail\" alt=\"\" \/><\/a>\n\t\t\t<\/div><\/figure><figure class='gallery-item'>\n\t\t\t<div class='gallery-icon portrait'>\n\t\t\t\t<a href='https:\/\/adhara.gajagati.hr\/web\/shape-15-3\/'><img loading=\"lazy\" decoding=\"async\" width=\"81\" height=\"86\" src=\"https:\/\/adhara.gajagati.hr\/web\/wp-content\/uploads\/2023\/06\/shape-15.png\" class=\"attachment-thumbnail size-thumbnail\" alt=\"\" \/><\/a>\n\t\t\t<\/div><\/figure><figure class='gallery-item'>\n\t\t\t<div class='gallery-icon landscape'>\n\t\t\t\t<a href='https:\/\/adhara.gajagati.hr\/web\/2019\/02\/23\/seminar-zima-o-okusima-i-namirnicama-kompatibilnost-hrane\/sem\/'><img loading=\"lazy\" decoding=\"async\" width=\"150\" height=\"150\" src=\"https:\/\/adhara.gajagati.hr\/web\/wp-content\/uploads\/2019\/02\/SEM-150x150.jpg\" class=\"attachment-thumbnail size-thumbnail\" alt=\"\" srcset=\"https:\/\/adhara.gajagati.hr\/web\/wp-content\/uploads\/2019\/02\/SEM-150x150.jpg 150w, https:\/\/adhara.gajagati.hr\/web\/wp-content\/uploads\/2019\/02\/SEM-750x750.jpg 750w, https:\/\/adhara.gajagati.hr\/web\/wp-content\/uploads\/2019\/02\/SEM-300x300.jpg 300w, https:\/\/adhara.gajagati.hr\/web\/wp-content\/uploads\/2019\/02\/SEM-100x100.jpg 100w\" sizes=\"(max-width: 150px) 100vw, 150px\" \/><\/a>\n\t\t\t<\/div><\/figure>\n\t\t<\/div>\n\n<p><!--more--><\/p>\n<\/div>\n","protected":false},"excerpt":{"rendered":"<p>Odr\u017eali smo drugi ciklus seminara na temu godi\u0161njih doba. Oaj put je rije\u010d bila o zimi-o okusima i namirnicama, kompatibilnost&#8230;<\/p>\n","protected":false},"author":3,"featured_media":5284,"comment_status":"closed","ping_status":"closed","sticky":false,"template":"","format":"standard","meta":{"footnotes":""},"categories":[71],"tags":[],"class_list":["post-5223","post","type-post","status-publish","format-standard","has-post-thumbnail","hentry","category-sto-smo-radili"],"_links":{"self":[{"href":"https:\/\/adhara.gajagati.hr\/web\/wp-json\/wp\/v2\/posts\/5223","targetHints":{"allow":["GET"]}}],"collection":[{"href":"https:\/\/adhara.gajagati.hr\/web\/wp-json\/wp\/v2\/posts"}],"about":[{"href":"https:\/\/adhara.gajagati.hr\/web\/wp-json\/wp\/v2\/types\/post"}],"author":[{"embeddable":true,"href":"https:\/\/adhara.gajagati.hr\/web\/wp-json\/wp\/v2\/users\/3"}],"replies":[{"embeddable":true,"href":"https:\/\/adhara.gajagati.hr\/web\/wp-json\/wp\/v2\/comments?post=5223"}],"version-history":[{"count":0,"href":"https:\/\/adhara.gajagati.hr\/web\/wp-json\/wp\/v2\/posts\/5223\/revisions"}],"wp:featuredmedia":[{"embeddable":true,"href":"https:\/\/adhara.gajagati.hr\/web\/wp-json\/wp\/v2\/media\/5284"}],"wp:attachment":[{"href":"https:\/\/adhara.gajagati.hr\/web\/wp-json\/wp\/v2\/media?parent=5223"}],"wp:term":[{"taxonomy":"category","embeddable":true,"href":"https:\/\/adhara.gajagati.hr\/web\/wp-json\/wp\/v2\/categories?post=5223"},{"taxonomy":"post_tag","embeddable":true,"href":"https:\/\/adhara.gajagati.hr\/web\/wp-json\/wp\/v2\/tags?post=5223"}],"curies":[{"name":"wp","href":"https:\/\/api.w.org\/{rel}","templated":true}]}}