{"id":5285,"date":"2019-03-11T18:05:14","date_gmt":"2019-03-11T17:05:14","guid":{"rendered":"http:\/\/adhara.hr\/?p=5285"},"modified":"2019-03-11T18:05:14","modified_gmt":"2019-03-11T17:05:14","slug":"seminar-proljece-o-ami-probavnoj-vatri-agni-i-probavi-prema-ayurvedi","status":"publish","type":"post","link":"https:\/\/adhara.gajagati.hr\/web\/2019\/03\/11\/seminar-proljece-o-ami-probavnoj-vatri-agni-i-probavi-prema-ayurvedi\/","title":{"rendered":"Seminar-prolje\u0107e: o ami, probavnoj vatri (agni) i probavi prema ayurvedi"},"content":{"rendered":"<p>[vc_row][vc_column][vc_column_text]Nakon odr\u017eanog jesenskog i zimskog ciklusa seminara o ayurvedi, slijedi nam prolje\u0107e na temu: o ami, probavnoj vatri (agni) i probavi prema ayurvedi. Seminar \u0107e se odr\u017eati 23.3. od 9-13 h, a o\u010dekuje vas interaktivno predavanje, radionica kuhanja i pokazna yoga radionica. Prijava je obavezna, a obrazac za prijavu je na dnu.<\/p>\n<p><!--more--><\/p>\n<p>Nudimo <strong>POPUST ako se uzme seminar i radionica kuhanja (1.4. od 17:30-19 h) zajedno od 10%<\/strong>. Umjesto 540 kn, platite <strong>486 kn<\/strong>.<\/p>\n<header class=\"kwayy-heading-wrapper kwayy-heading-wrapper-align-center\">\n<div class=\"kwayy-heading-wrapper-inner\">\n<h4 class=\"kwayy-heading-align-center\">Svaka radionica prati ayurvedska na\u010dela za odre\u0111eno godi\u0161nje doba<\/h4>\n<\/div>\n<p>&nbsp;<\/p>\n<\/header>\n<div class=\"wpb_text_column wpb_content_element \">\n<div class=\"wpb_wrapper\">\n<ul>\n<li>namirnice, za\u010dini, jela i na\u010din pripreme hrane za to godi\u0161nje doba \/<\/li>\n<li>priprema obroka s obzirom na doshe i godi\u0161nje doba, te dodatno sa dijetalnim smjernicama za mr\u0161avljenje<\/li>\n<li>cilj i uloga prehrane kroz godi\u0161nja doba<\/li>\n<li>jesenska, zimska, proljetna, ljetna dnevna rutina (jutarnji ayurvedski rituali, dnevna disciplina i na\u010din pona\u0161anja za ravnote\u017eu dosha i organizma prema godi\u0161njem dobu- dinacharya i ritucharya)<\/li>\n<li>dominantne doshe, elementi, gune (kvalitete) i organi kroz godi\u0161nja doba<\/li>\n<li>Osnovna na\u010dela yoge kroz godi\u0161nja doba<\/li>\n<\/ul>\n<p><strong>Seminar je koncipiran:<\/strong><\/p>\n<p>\u2013 od interaktivnog predavanja<\/p>\n<p>\u2013 radionice kuhanja<\/p>\n<p>\u2013 pokazne yoga radionice<\/p>\n<p><strong>Na seminaru:<\/strong><\/p>\n<p>\u2013 saznati \u0107ete koja su vam dominantne doshe<\/p>\n<p>\u2013 nau\u010diti kako se uravnote\u017eiti te pona\u0161ati, planirati prehranu i prakticirati yogu po godi\u0161njim dobima<\/p>\n<p>\u2013 uklju\u010den je ru\u010dak koji zajedno pripremamo<\/p>\n<h3>Cijena:<\/h3>\n<ul>\n<li>1 radionica: Redovna cijena 370 kn, cijena s popustom za vi\u0161e \u010dlanova obitelji, za nezaposlene, umirovljenike, studente te polaznike programa Prirodno mr\u0161avljenje je 290 kn<\/li>\n<\/ul>\n<p>&nbsp;<\/p>\n<\/div>\n<\/div>\n<p>[\/vc_column_text][\/vc_column][\/vc_row][vc_row][vc_column][vc_column_text][\/vc_column_text]<p class=\"wpcf7-contact-form-not-found\"><strong>Gre\u0161ka:<\/strong> Kontakt obrazac nije prona\u0111en.<\/p>[vc_column_text]OGRANI\u010cEN BROJ MJESTA, REZERVIRAJ SVOJ TERMIN &#8211; prijave i informacije na: adhara.centar@gmail.com ili 099 331 4304.<\/p>\n<p>INFORMACIJE ZA UPLATU:\u00a0IBAN <strong>HR4724020061100664099<\/strong>.<\/p>\n<p>NAPOMENA: U\u00a0slu\u010daju popusta za nezaposlene, studente ili umirovljenike molimo da isto navedete prilikom prijave.<\/p>\n<p>&nbsp;<\/p>\n<p><a href=\"http:\/\/adhara.hr\/portfolio\/adhara-holisticka-metoda-regulacije-tezine\/\">Klikni za vi\u0161e o programu Prirodno mr\u0161avljenje\u00a0<\/a>[\/vc_column_text][\/vc_column][\/vc_row]<\/p>\n","protected":false},"excerpt":{"rendered":"<p>[vc_row][vc_column][vc_column_text]Nakon odr\u017eanog jesenskog i zimskog ciklusa seminara o ayurvedi, slijedi nam prolje\u0107e na temu: o ami, probavnoj vatri (agni) i&#8230;<\/p>\n","protected":false},"author":3,"featured_media":5286,"comment_status":"closed","ping_status":"closed","sticky":false,"template":"","format":"standard","meta":{"footnotes":""},"categories":[71],"tags":[],"class_list":["post-5285","post","type-post","status-publish","format-standard","has-post-thumbnail","hentry","category-sto-smo-radili"],"_links":{"self":[{"href":"https:\/\/adhara.gajagati.hr\/web\/wp-json\/wp\/v2\/posts\/5285","targetHints":{"allow":["GET"]}}],"collection":[{"href":"https:\/\/adhara.gajagati.hr\/web\/wp-json\/wp\/v2\/posts"}],"about":[{"href":"https:\/\/adhara.gajagati.hr\/web\/wp-json\/wp\/v2\/types\/post"}],"author":[{"embeddable":true,"href":"https:\/\/adhara.gajagati.hr\/web\/wp-json\/wp\/v2\/users\/3"}],"replies":[{"embeddable":true,"href":"https:\/\/adhara.gajagati.hr\/web\/wp-json\/wp\/v2\/comments?post=5285"}],"version-history":[{"count":0,"href":"https:\/\/adhara.gajagati.hr\/web\/wp-json\/wp\/v2\/posts\/5285\/revisions"}],"wp:featuredmedia":[{"embeddable":true,"href":"https:\/\/adhara.gajagati.hr\/web\/wp-json\/wp\/v2\/media\/5286"}],"wp:attachment":[{"href":"https:\/\/adhara.gajagati.hr\/web\/wp-json\/wp\/v2\/media?parent=5285"}],"wp:term":[{"taxonomy":"category","embeddable":true,"href":"https:\/\/adhara.gajagati.hr\/web\/wp-json\/wp\/v2\/categories?post=5285"},{"taxonomy":"post_tag","embeddable":true,"href":"https:\/\/adhara.gajagati.hr\/web\/wp-json\/wp\/v2\/tags?post=5285"}],"curies":[{"name":"wp","href":"https:\/\/api.w.org\/{rel}","templated":true}]}}