{"id":6537,"date":"2024-02-28T18:58:54","date_gmt":"2024-02-28T17:58:54","guid":{"rendered":"https:\/\/adhara.hr\/?p=6537"},"modified":"2024-02-28T18:58:54","modified_gmt":"2024-02-28T17:58:54","slug":"ljetovanje-za-velike-i-male-otok-iz-06-13-07-2024","status":"publish","type":"post","link":"https:\/\/adhara.gajagati.hr\/web\/2024\/02\/28\/ljetovanje-za-velike-i-male-otok-iz-06-13-07-2024\/","title":{"rendered":"Ljetovanje za velike i male, otok I\u017e, 06.-13.07.2024."},"content":{"rendered":"<div class=\"text-center\" style=\"margin-top: 20px;\">\n<div class=\"xdj266r x11i5rnm xat24cr x1mh8g0r x1vvkbs x126k92a\" style=\"text-align: left;\"><a href=\"https:\/\/adhara.hr\/novosti\/ljetovanje-za-velike-i-male\/\"><strong>Ljetovanje za velike i male<\/strong><\/a><\/div>\n<div class=\"x11i5rnm xat24cr x1mh8g0r x1vvkbs xtlvy1s x126k92a\" style=\"text-align: left;\">\n<div dir=\"auto\" style=\"text-align: left;\">\n<p>I ove godine, u periodu od 06. do 13. srpnja, imat \u0107emo priliku u\u017eivati\u00a0 na otoku I\u017eu, u predivnom hotelu Korinjak. O\u010dekuje nas sedmodnevno u\u017eivanje ispunjeno raznim aktivnostima i radionicama za djecu i odrasle.<\/p>\n<\/div>\n<div dir=\"auto\">Uz radionicu za odrasle <a href=\"https:\/\/adhara.hr\/usluge\/radionice\/ljetovanje-za-velike-i-male-radionica-za-odrasle-2\/\">\u201c\u017divjeti svoje potencijale\u201d<\/a> i radionicu za djecu \u201c<a href=\"https:\/\/adhara.hr\/usluge\/radionice\/ljetovanje-za-velike-i-male-radionica-za-djecu\/\">Yoga, zvuk i kreativni vuk\u201d<\/a>, za \u010ditave obitelji, ali i samce, tu su jo\u0161: jutarnja yoga, ve\u010dernja animacija, izlet brodi\u0107em na delfine i na susjedni oto\u010di\u0107, sjajna vege hrana, dru\u017eenje, kupanac i sve \u0161to vam du\u0161a i tijelo trebaju za potpuni\u00a0 odmor!<\/div>\n<\/div>\n<\/div>\n<p style=\"text-align: left;\"><!--more--><\/p>\n<div class=\"text-center\" style=\"margin-top: 20px; text-align: left;\">\n<p>Vrijeme:<\/p>\n<p>Od 06. &#8211; 13. 07. 2024!!!<\/p>\n<p>Po \u017eelji mo\u017eete do\u0107i ranije ili ostati du\u017ee \u2013 to dogovarate s hotelom <a href=\"https:\/\/korinjak.com\/\">Korinjak<\/a><\/p>\n<p>Mjesto:<\/p>\n<p><a href=\"https:\/\/korinjak.com\/\">Hotel Korinjak, otok I\u017e<\/a><\/p>\n<p>Adhara ljetovanje za velike i male, nudi koncept nama toliko nu\u017ean u dana\u0161njem dru\u0161tu, a to je pri\u010da plemena, kada je cijela obitelj zajedno, u ve\u0107oj zajednici s drugim veselim ljudima malim i velikim, kada se svi brinemo jedni za druge, idemo na radionice, ple\u0161emo, vje\u017ebamo, u\u017eivamo u moru i rastemo zajedno. Danas \u010desto odvajamo djecu od obitelji pa imamo aktivnosti ili za djecu ili za odrasle, a upravo je ta inkluzija ono \u0161to nam treba. Dok odrasli meditiraju i istra\u017euju svoje nadublje kutke na radionici <a href=\"https:\/\/adhara.hr\/usluge\/radionice\/ljetovanje-za-velike-i-male-radionica-za-odrasle\/\">\u201c\u017divjeti svoje potencijale\u201d<\/a> djeca \u0107e biti na prekrasnoj radionici <a href=\"https:\/\/adhara.hr\/usluge\/radionice\/ljetovanje-za-velike-i-male-radionica-za-djecu\/\">\u201cYoga, zvuk i kreativni huk\u201d<\/a>, tako da mirno mo\u017eete uroniti u svoje procese i svoje opu\u0161tanje.<\/p>\n<p>Ostatak dana je na vama da ga iskombinirate \u2013 mo\u017eete odabrati jutarnju yogu, ve\u010dernju animaciju, vo\u017enje brodi\u0107ima na susjedni oto\u010di\u0107, na delfine ili pak do Kornata ili \u0107ete se jednostavno kupati i br\u010dkati na pla\u017ei pored hotela ili na nekim samotnijim pla\u017eama u blizini.<\/p>\n<p>\u017delimo vam prekrasno nezaboravno Adhara ljetovanje za velike i male, da obnovite svoju energiju i uhvatite sklad i u\u017eitak koji nam ljeto pru\u017ea!<\/p>\n<p>Prijave i info za radionicu:<\/p>\n<p>adhara.centar@gmail.com, 099 331 4304<br \/>\nKod koordinatorice Vesne<\/p>\n<\/div>\n<p style=\"text-align: left;\">\n","protected":false},"excerpt":{"rendered":"<p>Ljetovanje za velike i male I ove godine, u periodu od 06. do 13. srpnja, imat \u0107emo priliku u\u017eivati\u00a0 na&#8230;<\/p>\n","protected":false},"author":4,"featured_media":6849,"comment_status":"closed","ping_status":"closed","sticky":false,"template":"","format":"standard","meta":{"footnotes":""},"categories":[71],"tags":[],"class_list":["post-6537","post","type-post","status-publish","format-standard","has-post-thumbnail","hentry","category-sto-smo-radili"],"_links":{"self":[{"href":"https:\/\/adhara.gajagati.hr\/web\/wp-json\/wp\/v2\/posts\/6537","targetHints":{"allow":["GET"]}}],"collection":[{"href":"https:\/\/adhara.gajagati.hr\/web\/wp-json\/wp\/v2\/posts"}],"about":[{"href":"https:\/\/adhara.gajagati.hr\/web\/wp-json\/wp\/v2\/types\/post"}],"author":[{"embeddable":true,"href":"https:\/\/adhara.gajagati.hr\/web\/wp-json\/wp\/v2\/users\/4"}],"replies":[{"embeddable":true,"href":"https:\/\/adhara.gajagati.hr\/web\/wp-json\/wp\/v2\/comments?post=6537"}],"version-history":[{"count":0,"href":"https:\/\/adhara.gajagati.hr\/web\/wp-json\/wp\/v2\/posts\/6537\/revisions"}],"wp:featuredmedia":[{"embeddable":true,"href":"https:\/\/adhara.gajagati.hr\/web\/wp-json\/"}],"wp:attachment":[{"href":"https:\/\/adhara.gajagati.hr\/web\/wp-json\/wp\/v2\/media?parent=6537"}],"wp:term":[{"taxonomy":"category","embeddable":true,"href":"https:\/\/adhara.gajagati.hr\/web\/wp-json\/wp\/v2\/categories?post=6537"},{"taxonomy":"post_tag","embeddable":true,"href":"https:\/\/adhara.gajagati.hr\/web\/wp-json\/wp\/v2\/tags?post=6537"}],"curies":[{"name":"wp","href":"https:\/\/api.w.org\/{rel}","templated":true}]}}