{"id":6955,"date":"2024-09-18T12:30:23","date_gmt":"2024-09-18T10:30:23","guid":{"rendered":"https:\/\/adhara.hr\/?p=6955"},"modified":"2024-09-18T12:30:23","modified_gmt":"2024-09-18T10:30:23","slug":"reset-ciklus-radionica-uz-yoga-nidru-%f0%9f%8c%bf","status":"publish","type":"post","link":"https:\/\/adhara.gajagati.hr\/web\/2024\/09\/18\/reset-ciklus-radionica-uz-yoga-nidru-%f0%9f%8c%bf\/","title":{"rendered":"RESET \u2013 Ciklus Radionica uz Yoga Nidru \ud83c\udf3f"},"content":{"rendered":"<p>Dragi na\u0161i!<br \/>\nPozivamo vas na ciklus od 6 radionica osmi\u0161ljenih kako bismo se posvetili va\u017enim \u017eivotnim temama kroz tehniku Yoga Nidre \u2013 mo\u0107nog alata za duboku relaksaciju, introspekciju i osobnu transformaciju.<\/p>\n<p><!--more--><\/p>\n<p>\ud83d\uddd3 Termini i teme radionica:<br \/>\n\ud83d\udccd 9.10. &#8211; Obilje<br \/>\n\ud83d\udccd 16.10. &#8211; Materijalno obilje<br \/>\n\ud83d\udccd 30.10. &#8211; Odnosi<br \/>\n\ud83d\udccd 13.11. &#8211; Partnerski odnos<br \/>\n\ud83d\udccd 27.11. &#8211; Mu\u0161ka i \u017eenska energija u nama<br \/>\n\ud83d\udccd 11.12. &#8211; Seksualnost<\/p>\n<p>Svaka radionica sastoji se od uvodnog predavanja i introspekcije na odabranu temu, kako bismo lak\u0161e oblikovali svoju namjeru (sankalpu) za Yoga Nidru.<\/p>\n<p>\ud83d\udd38 \u0160to je Yoga Nidra?<br \/>\nYoga Nidra ili yogijsko spavanje je tehnika duboke relaksacije koja nam poma\u017ee da opustimo svaku stanicu tijela, umirimo um i otpustimo stres. Klju\u010dni dio Yoga Nidre je namjera \u2013 ona mo\u017ee biti odluka vezana uz promjenu negativnih uvjerenja ili ostvarenje nekog cilja povezanog s temom radionice. U stanju duboke relaksacije, na\u0161a se odluka utiskuje u podsvijest, poput sjemena, i s lako\u0107om donosi vidljive rezultate.<\/p>\n<p>\ud83d\udcb0 Cijena<\/p>\n<p>pojedina\u010dne radionica 30E<br \/>\npaket od tri radionice 75 E (umjesto 90E)<br \/>\npaket od svih 6 radionica 120E (umjesto 180E)<br \/>\n\ud83d\udccd Lokacija: Adhara centar, Antunovac 27<\/p>\n<p>\ud83d\udc49 Rezervirajte svoje mjesto: [<a href=\"https:\/\/docs.google.com\/forms\/d\/e\/1FAIpQLSdZz2BthjB7hGKtfUfFiy7lLDds_ce4_cQ-wPjlwF0EtEes7Q\/viewform\">link za prijavu<\/a>]<\/p>\n<p>&#8211; broj mjesta je ograni\u010den<\/p>\n<p>Nakon radionice, ostajemo se dru\u017eiti uz ayurvedski sretni \u010daj i kola\u010de. Veselimo se va\u0161em dolasku!<\/p>\n","protected":false},"excerpt":{"rendered":"<p>Dragi na\u0161i! Pozivamo vas na ciklus od 6 radionica osmi\u0161ljenih kako bismo se posvetili va\u017enim \u017eivotnim temama kroz tehniku Yoga&#8230;<\/p>\n","protected":false},"author":4,"featured_media":6195,"comment_status":"closed","ping_status":"closed","sticky":false,"template":"","format":"standard","meta":{"footnotes":""},"categories":[71],"tags":[],"class_list":["post-6955","post","type-post","status-publish","format-standard","has-post-thumbnail","hentry","category-sto-smo-radili"],"_links":{"self":[{"href":"https:\/\/adhara.gajagati.hr\/web\/wp-json\/wp\/v2\/posts\/6955","targetHints":{"allow":["GET"]}}],"collection":[{"href":"https:\/\/adhara.gajagati.hr\/web\/wp-json\/wp\/v2\/posts"}],"about":[{"href":"https:\/\/adhara.gajagati.hr\/web\/wp-json\/wp\/v2\/types\/post"}],"author":[{"embeddable":true,"href":"https:\/\/adhara.gajagati.hr\/web\/wp-json\/wp\/v2\/users\/4"}],"replies":[{"embeddable":true,"href":"https:\/\/adhara.gajagati.hr\/web\/wp-json\/wp\/v2\/comments?post=6955"}],"version-history":[{"count":0,"href":"https:\/\/adhara.gajagati.hr\/web\/wp-json\/wp\/v2\/posts\/6955\/revisions"}],"wp:featuredmedia":[{"embeddable":true,"href":"https:\/\/adhara.gajagati.hr\/web\/wp-json\/wp\/v2\/media\/6195"}],"wp:attachment":[{"href":"https:\/\/adhara.gajagati.hr\/web\/wp-json\/wp\/v2\/media?parent=6955"}],"wp:term":[{"taxonomy":"category","embeddable":true,"href":"https:\/\/adhara.gajagati.hr\/web\/wp-json\/wp\/v2\/categories?post=6955"},{"taxonomy":"post_tag","embeddable":true,"href":"https:\/\/adhara.gajagati.hr\/web\/wp-json\/wp\/v2\/tags?post=6955"}],"curies":[{"name":"wp","href":"https:\/\/api.w.org\/{rel}","templated":true}]}}