{"id":7310,"date":"2025-02-14T23:12:29","date_gmt":"2025-02-14T22:12:29","guid":{"rendered":"https:\/\/adhara.hr\/?p=7310"},"modified":"2025-02-14T23:12:29","modified_gmt":"2025-02-14T22:12:29","slug":"veliki-proljetni-detox-ciklus-u-adhara-centru-2","status":"publish","type":"post","link":"https:\/\/adhara.gajagati.hr\/web\/2025\/02\/14\/veliki-proljetni-detox-ciklus-u-adhara-centru-2\/","title":{"rendered":"VELIKI PROLJETNI DETOX CIKLUS u Adhara Centru"},"content":{"rendered":"\t\t<div data-elementor-type=\"wp-post\" data-elementor-id=\"7310\" class=\"elementor elementor-7310\" data-elementor-post-type=\"post\">\n\t\t\t\t<div class=\"elementor-element elementor-element-24bbe9a8 e-flex e-con-boxed e-con e-parent\" data-id=\"24bbe9a8\" data-element_type=\"container\" data-settings=\"{&quot;background_background&quot;:&quot;classic&quot;,&quot;jet_parallax_layout_list&quot;:[]}\">\n\t\t\t\t\t<div class=\"e-con-inner\">\n\t\t\t\t<div class=\"elementor-element elementor-element-4da4a1be elementor-widget elementor-widget-text-editor\" data-id=\"4da4a1be\" data-element_type=\"widget\" data-widget_type=\"text-editor.default\">\n\t\t\t\t\t\t\t\t\t<h4 style=\"text-align: center;\"><span style=\"color: #33cccc;\">\u017dIVOT U SKLADU S RITMOVIMA PRIRODE<\/span><\/h4>\n<h6 style=\"text-align: center;\"><span style=\"color: #33cccc;\">od 21.03. d0 18.04<\/span>.<\/h6>\n<div style=\"text-align: center;\">&nbsp;<\/div>\t\t\t\t\t\t\t\t<\/div>\n\t\t\t\t\t<\/div>\n\t\t\t\t<\/div>\n\t\t<div class=\"elementor-element elementor-element-a2e24f8 e-con-full e-flex e-con e-parent\" data-id=\"a2e24f8\" data-element_type=\"container\" data-settings=\"{&quot;background_background&quot;:&quot;classic&quot;,&quot;jet_parallax_layout_list&quot;:[]}\">\n\t\t\t\t<div class=\"elementor-element elementor-element-b18c3a7 elementor-widget elementor-widget-text-editor\" data-id=\"b18c3a7\" data-element_type=\"widget\" data-widget_type=\"text-editor.default\">\n\t\t\t\t\t\t\t\t\t<p style=\"text-align: left;\">Pro\u010disti svoje tijelo i um, i u\u0111i u prolje\u0107e pun\/a energije i entuzijazma s tijelom u formi<br \/>40 dana \u2013 yoge, detox prehrane vo\u0111ene u fazama, vje\u017eba disanja, meditacija, nidra yoge, rada na traumama i obrascima koji nas ko\u010de<\/p><p style=\"text-align: center;\">\u00a0<\/p>\t\t\t\t\t\t\t\t<\/div>\n\t\t\t\t<div class=\"elementor-element elementor-element-661815c elementor-widget-divider--view-line elementor-widget elementor-widget-divider\" data-id=\"661815c\" data-element_type=\"widget\" data-widget_type=\"divider.default\">\n\t\t\t\t\t\t\t<div class=\"elementor-divider\">\n\t\t\t<span class=\"elementor-divider-separator\">\n\t\t\t\t\t\t<\/span>\n\t\t<\/div>\n\t\t\t\t\t\t<\/div>\n\t\t\t\t<div class=\"elementor-element elementor-element-d57da28 elementor-widget elementor-widget-text-editor\" data-id=\"d57da28\" data-element_type=\"widget\" data-widget_type=\"text-editor.default\">\n\t\t\t\t\t\t\t\t\t<p style=\"text-align: left;\"><a href=\"https:\/\/adhara.hr\/veliki-proljetni-detox-free-class\/\"><span style=\"color: #33cccc;\">\u2714<\/span> &#8220;Veliki proljetni detox \u2013 free class&#8221; ,\u00a0 \u00a0<\/a><span style=\"color: #808080;\">21.03.<\/span><\/p><p style=\"text-align: left;\"><span style=\"text-align: var(--text-align); color: var( --e-global-color-text ); font-family: var( --e-global-typography-text-font-family ), Sans-serif; font-weight: var( --e-global-typography-text-font-weight ); background-color: var( --e-global-color-65466e3 );\"><span style=\"color: #33cccc;\">\u2714<\/span> \u201cProljetni detox \u2013 radionica kuhanja\u201d<\/span><span style=\"text-align: var(--text-align); color: var( --e-global-color-text ); font-family: var( --e-global-typography-text-font-family ), Sans-serif; font-weight: var( --e-global-typography-text-font-weight ); background-color: var( --e-global-color-65466e3 );\">, 25.03.<\/span><span style=\"text-align: var(--text-align); color: var( --e-global-color-text ); font-family: var( --e-global-typography-text-font-family ), Sans-serif; font-weight: var( --e-global-typography-text-font-weight ); background-color: var( --e-global-color-65466e3 );\">.<\/span><\/p><p style=\"text-align: left;\"><a href=\"https:\/\/adhara.hr\/zeleni-detox-retreat\/\"><span style=\"color: var( --e-global-color-text ); font-family: var( --e-global-typography-text-font-family ), Sans-serif; font-weight: var( --e-global-typography-text-font-weight ); background-color: var( --e-global-color-65466e3 );\"><span style=\"color: #33cccc;\">\u2714<\/span> \u201cZeleni detox Retreat\u201d, u Adhara centru,\u00a0<\/span><span style=\"color: var( --e-global-color-text ); font-family: var( --e-global-typography-text-font-family ), Sans-serif; font-weight: var( --e-global-typography-text-font-weight ); background-color: var( --e-global-color-65466e3 );\">28. 29. i 30.3<\/span><\/a><\/p><p style=\"text-align: left;\"><a href=\"https:\/\/adhara.hr\/trotjedni-detox-intenziv-iz-vlastitog-doma\/\"><span style=\"color: var( --e-global-color-text ); font-family: var( --e-global-typography-text-font-family ), Sans-serif; font-weight: var( --e-global-typography-text-font-weight ); background-color: var( --e-global-color-65466e3 );\"><span style=\"color: #33cccc;\">\u2714<\/span> &#8220;Trotjedni detox intenziv \u2013 iz vlastitog doma\u201d 31.3. &#8211; 18.04.<\/span><\/a><\/p><p style=\"text-align: left;\"><span style=\"text-align: var(--text-align); color: var( --e-global-color-text ); font-family: var( --e-global-typography-text-font-family ), Sans-serif; font-weight: var( --e-global-typography-text-font-weight ); background-color: var( --e-global-color-65466e3 );\"><span style=\"color: #33cccc;\">\u2714<\/span> \u201cNutricionisti\u010dki tanjur po na\u010delima ayurvede \u2013 radionica kuhanja\u201d,\u00a0<\/span><span style=\"text-align: var(--text-align); color: var( --e-global-color-text ); font-family: var( --e-global-typography-text-font-family ), Sans-serif; font-weight: var( --e-global-typography-text-font-weight ); background-color: var( --e-global-color-65466e3 );\">15.4.<\/span><\/p><p style=\"text-align: left;\"><a href=\"https:\/\/adhara.hr\/paketi-ayurvedskih-i-kranio-sakralnih-detox-tretmana\/\"><span style=\"background-color: var( --e-global-color-65466e3 ); color: var( --e-global-color-text ); font-family: var( --e-global-typography-text-font-family ), Sans-serif; font-weight: var( --e-global-typography-text-font-weight );\"><span style=\"color: #33cccc;\">\u2714<\/span> \u201cPaket ayurvedskih i kranio-sakralnih detox tretmana\u201d<\/span><\/a><\/p>\t\t\t\t\t\t\t\t<\/div>\n\t\t\t\t<div class=\"elementor-element elementor-element-10b7348 elementor-widget elementor-widget-read-more\" data-id=\"10b7348\" data-element_type=\"widget\" data-widget_type=\"read-more.default\">\n\t\t\t\t\t<\/div><\/div><\/div> <a href=\"https:\/\/adhara.gajagati.hr\/web\/2025\/02\/14\/veliki-proljetni-detox-ciklus-u-adhara-centru-2\/#more-7310\" class=\"more-link elementor-more-link\"><span aria-label=\"Nastavi \u010ditanje VELIKI PROLJETNI DETOX CIKLUS u Adhara Centru\">Nastavi \u010ditanje<\/span><\/a>","protected":false},"excerpt":{"rendered":"<p>\u017dIVOT U SKLADU S RITMOVIMA PRIRODE od 21.03. d0 18.04. &nbsp; Pro\u010disti svoje tijelo i um, i u\u0111i u prolje\u0107e&#8230;<\/p>\n","protected":false},"author":4,"featured_media":7597,"comment_status":"closed","ping_status":"closed","sticky":false,"template":"","format":"standard","meta":{"footnotes":""},"categories":[71],"tags":[],"class_list":["post-7310","post","type-post","status-publish","format-standard","has-post-thumbnail","hentry","category-sto-smo-radili"],"_links":{"self":[{"href":"https:\/\/adhara.gajagati.hr\/web\/wp-json\/wp\/v2\/posts\/7310","targetHints":{"allow":["GET"]}}],"collection":[{"href":"https:\/\/adhara.gajagati.hr\/web\/wp-json\/wp\/v2\/posts"}],"about":[{"href":"https:\/\/adhara.gajagati.hr\/web\/wp-json\/wp\/v2\/types\/post"}],"author":[{"embeddable":true,"href":"https:\/\/adhara.gajagati.hr\/web\/wp-json\/wp\/v2\/users\/4"}],"replies":[{"embeddable":true,"href":"https:\/\/adhara.gajagati.hr\/web\/wp-json\/wp\/v2\/comments?post=7310"}],"version-history":[{"count":0,"href":"https:\/\/adhara.gajagati.hr\/web\/wp-json\/wp\/v2\/posts\/7310\/revisions"}],"wp:featuredmedia":[{"embeddable":true,"href":"https:\/\/adhara.gajagati.hr\/web\/wp-json\/wp\/v2\/media\/7597"}],"wp:attachment":[{"href":"https:\/\/adhara.gajagati.hr\/web\/wp-json\/wp\/v2\/media?parent=7310"}],"wp:term":[{"taxonomy":"category","embeddable":true,"href":"https:\/\/adhara.gajagati.hr\/web\/wp-json\/wp\/v2\/categories?post=7310"},{"taxonomy":"post_tag","embeddable":true,"href":"https:\/\/adhara.gajagati.hr\/web\/wp-json\/wp\/v2\/tags?post=7310"}],"curies":[{"name":"wp","href":"https:\/\/api.w.org\/{rel}","templated":true}]}}